{"id":13821,"date":"2024-11-14T12:05:27","date_gmt":"2024-11-14T12:05:27","guid":{"rendered":"https:\/\/www.stylawallprotection.com\/life-blend-le-materiau-sans-pvc-brevete-par-styla\/"},"modified":"2025-04-23T07:45:55","modified_gmt":"2025-04-23T07:45:55","slug":"life-blend-le-materiau-sans-pvc-brevete-par-styla","status":"publish","type":"post","link":"https:\/\/www.stylawallprotection.com\/fr\/life-blend-le-materiau-sans-pvc-brevete-par-styla\/","title":{"rendered":"Life-Blend : le mat\u00e9riau sans PVC brevet\u00e9 par Styla"},"content":{"rendered":"<div class=\"wpb-content-wrapper\"><p>[vc_row][vc_column width=\u00a0\u00bb1\/2&Prime;][vc_single_image image=\u00a0\u00bb12091&Prime; img_size=\u00a0\u00bbfull\u00a0\u00bb][\/vc_column][vc_column width=\u00a0\u00bb1\/2&Prime;][vc_column_text]PVC ou polycarbonate ? Soyons clairs ! <\/p>\n<p>Lorsqu&rsquo;il s&rsquo;agit de choisir une protection murale, il y a des consid\u00e9rations importantes \u00e0 prendre en compte entre le PVC et le polycarbonate, notamment en termes de s\u00e9curit\u00e9 et de durabilit\u00e9.<\/p>\n<p>Chez Styla, nous avons choisi Life-Blend\u00ae, notre m\u00e9lange innovant de polycarbonate.<\/p>\n<p>Pourquoi?<\/p>\n<p>Le PVC, lorsqu&rsquo;il est br\u00fbl\u00e9, \u00e9met des fum\u00e9es toxiques, tandis que Life-Blend\u00ae est sans PVC, garantissant un environnement plus s\u00fbr pour les personnes.<\/p>\n<p>De plus, Life-Blend\u00ae est certifi\u00e9 pour ses faibles \u00e9missions de compos\u00e9s organiques volatils (COV), ce qui signifie un air plus pur dans les espaces o\u00f9 il est install\u00e9.<\/p>\n<p>Life-Blend\u00ae est \u00e9galement beaucoup plus r\u00e9sistant aux chocs et au feu que le PVC, atteignant une classification au feu Bs1d0 : la plus \u00e9lev\u00e9e pour un mat\u00e9riau plastique dans l&rsquo;industrie.<\/p>\n<p>Le choix est donc simple : plus de s\u00e9curit\u00e9, plus de durabilit\u00e9 et une qualit\u00e9 sup\u00e9rieure.<\/p>\n<p>[\/vc_column_text][\/vc_column][\/vc_row]<\/p>\n<\/div>","protected":false},"excerpt":{"rendered":"<p>PVC ou polycarbonate ? Soyons clairs ! <\/p>\n<p>Lorsqu&rsquo;il s&rsquo;agit de choisir une protection murale, il y a des consid\u00e9rations importantes \u00e0 prendre en compte entre le PVC et le polycarbonate, notamment en termes de s\u00e9curit\u00e9 et de durabilit\u00e9.<\/p>\n<p>Chez Styla, nous avons choisi Life-Blend\u00ae, notre m\u00e9lange innovant de polycarbonate.<\/p>\n","protected":false},"author":2,"featured_media":12091,"comment_status":"closed","ping_status":"open","sticky":false,"template":"","format":"standard","meta":{"_jetpack_memberships_contains_paid_content":false,"footnotes":""},"categories":[780],"tags":[783,792,793],"class_list":["post-13821","post","type-post","status-publish","format-standard","has-post-thumbnail","hentry","category-protection-des-murs","tag-life-blend-fr-2","tag-materiau-de-stylet-brevete","tag-materiau-sans-pvc-fr","category-780","description-off"],"yoast_head":"<!-- This site is optimized with the Yoast SEO plugin v27.5 - https:\/\/yoast.com\/product\/yoast-seo-wordpress\/ -->\n<title>Life-Blend : le mat\u00e9riau sans PVC brevet\u00e9 par Styla - Styla<\/title>\n<meta name=\"description\" content=\"PVC ou polycarbonate ? Soyons clairs ! Lorsqu&#039;il s&#039;agit de choisir une protection murale, il y a des consid\u00e9rations importantes \u00e0 prendre en compte entre le PVC et le polycarbonate, notamment en termes de s\u00e9curit\u00e9 et de durabilit\u00e9. Chez Styla, nous choisissons Life-Blend\u00ae, notre m\u00e9lange innovant de polycarbonate.\" \/>\n<meta name=\"robots\" content=\"index, follow, max-snippet:-1, max-image-preview:large, max-video-preview:-1\" \/>\n<link rel=\"canonical\" href=\"https:\/\/www.stylawallprotection.com\/fr\/life-blend-le-materiau-sans-pvc-brevete-par-styla\/\" \/>\n<meta property=\"og:locale\" content=\"fr_FR\" \/>\n<meta property=\"og:type\" content=\"article\" \/>\n<meta property=\"og:title\" content=\"Life-Blend : le mat\u00e9riau sans PVC brevet\u00e9 par Styla - Styla\" \/>\n<meta property=\"og:description\" content=\"PVC ou polycarbonate ? Soyons clairs ! Lorsqu&#039;il s&#039;agit de choisir une protection murale, il y a des consid\u00e9rations importantes \u00e0 prendre en compte entre le PVC et le polycarbonate, notamment en termes de s\u00e9curit\u00e9 et de durabilit\u00e9. Chez Styla, nous choisissons Life-Blend\u00ae, notre m\u00e9lange innovant de polycarbonate.\" \/>\n<meta property=\"og:url\" content=\"https:\/\/www.stylawallprotection.com\/fr\/life-blend-le-materiau-sans-pvc-brevete-par-styla\/\" \/>\n<meta property=\"og:site_name\" content=\"Styla\" \/>\n<meta property=\"article:published_time\" content=\"2024-11-14T12:05:27+00:00\" \/>\n<meta property=\"article:modified_time\" content=\"2025-04-23T07:45:55+00:00\" \/>\n<meta property=\"og:image\" content=\"https:\/\/www.stylawallprotection.com\/wp-content\/uploads\/2024\/11\/Life-blend-materiale-privo-di-PVC.jpg\" \/>\n\t<meta property=\"og:image:width\" content=\"1080\" \/>\n\t<meta property=\"og:image:height\" content=\"1080\" \/>\n\t<meta property=\"og:image:type\" content=\"image\/jpeg\" \/>\n<meta name=\"author\" content=\"Underground\" \/>\n<meta name=\"twitter:card\" content=\"summary_large_image\" \/>\n<meta name=\"twitter:label1\" content=\"\u00c9crit par\" \/>\n\t<meta name=\"twitter:data1\" content=\"Underground\" \/>\n\t<meta name=\"twitter:label2\" content=\"Dur\u00e9e de lecture estim\u00e9e\" \/>\n\t<meta name=\"twitter:data2\" content=\"1 minute\" \/>\n<script type=\"application\/ld+json\" class=\"yoast-schema-graph\">{\"@context\":\"https:\\\/\\\/schema.org\",\"@graph\":[{\"@type\":\"Article\",\"@id\":\"https:\\\/\\\/www.stylawallprotection.com\\\/fr\\\/life-blend-le-materiau-sans-pvc-brevete-par-styla\\\/#article\",\"isPartOf\":{\"@id\":\"https:\\\/\\\/www.stylawallprotection.com\\\/fr\\\/life-blend-le-materiau-sans-pvc-brevete-par-styla\\\/\"},\"author\":{\"name\":\"Underground\",\"@id\":\"https:\\\/\\\/www.stylawallprotection.com\\\/fr\\\/#\\\/schema\\\/person\\\/11f09b786bafb3c26560a1e82f80ec77\"},\"headline\":\"Life-Blend : le mat\u00e9riau sans PVC brevet\u00e9 par Styla\",\"datePublished\":\"2024-11-14T12:05:27+00:00\",\"dateModified\":\"2025-04-23T07:45:55+00:00\",\"mainEntityOfPage\":{\"@id\":\"https:\\\/\\\/www.stylawallprotection.com\\\/fr\\\/life-blend-le-materiau-sans-pvc-brevete-par-styla\\\/\"},\"wordCount\":191,\"publisher\":{\"@id\":\"https:\\\/\\\/www.stylawallprotection.com\\\/fr\\\/#organization\"},\"image\":{\"@id\":\"https:\\\/\\\/www.stylawallprotection.com\\\/fr\\\/life-blend-le-materiau-sans-pvc-brevete-par-styla\\\/#primaryimage\"},\"thumbnailUrl\":\"https:\\\/\\\/www.stylawallprotection.com\\\/wp-content\\\/uploads\\\/2024\\\/11\\\/Life-blend-materiale-privo-di-PVC.jpg\",\"keywords\":[\"Life Blend\",\"mat\u00e9riau de stylet brevet\u00e9\",\"Mat\u00e9riau sans PVC\"],\"articleSection\":[\"Protection des murs\"],\"inLanguage\":\"fr-FR\"},{\"@type\":\"WebPage\",\"@id\":\"https:\\\/\\\/www.stylawallprotection.com\\\/fr\\\/life-blend-le-materiau-sans-pvc-brevete-par-styla\\\/\",\"url\":\"https:\\\/\\\/www.stylawallprotection.com\\\/fr\\\/life-blend-le-materiau-sans-pvc-brevete-par-styla\\\/\",\"name\":\"Life-Blend : le mat\u00e9riau sans PVC brevet\u00e9 par Styla - Styla\",\"isPartOf\":{\"@id\":\"https:\\\/\\\/www.stylawallprotection.com\\\/fr\\\/#website\"},\"primaryImageOfPage\":{\"@id\":\"https:\\\/\\\/www.stylawallprotection.com\\\/fr\\\/life-blend-le-materiau-sans-pvc-brevete-par-styla\\\/#primaryimage\"},\"image\":{\"@id\":\"https:\\\/\\\/www.stylawallprotection.com\\\/fr\\\/life-blend-le-materiau-sans-pvc-brevete-par-styla\\\/#primaryimage\"},\"thumbnailUrl\":\"https:\\\/\\\/www.stylawallprotection.com\\\/wp-content\\\/uploads\\\/2024\\\/11\\\/Life-blend-materiale-privo-di-PVC.jpg\",\"datePublished\":\"2024-11-14T12:05:27+00:00\",\"dateModified\":\"2025-04-23T07:45:55+00:00\",\"description\":\"PVC ou polycarbonate ? Soyons clairs ! Lorsqu'il s'agit de choisir une protection murale, il y a des consid\u00e9rations importantes \u00e0 prendre en compte entre le PVC et le polycarbonate, notamment en termes de s\u00e9curit\u00e9 et de durabilit\u00e9. Chez Styla, nous choisissons Life-Blend\u00ae, notre m\u00e9lange innovant de polycarbonate.\",\"breadcrumb\":{\"@id\":\"https:\\\/\\\/www.stylawallprotection.com\\\/fr\\\/life-blend-le-materiau-sans-pvc-brevete-par-styla\\\/#breadcrumb\"},\"inLanguage\":\"fr-FR\",\"potentialAction\":[{\"@type\":\"ReadAction\",\"target\":[\"https:\\\/\\\/www.stylawallprotection.com\\\/fr\\\/life-blend-le-materiau-sans-pvc-brevete-par-styla\\\/\"]}]},{\"@type\":\"ImageObject\",\"inLanguage\":\"fr-FR\",\"@id\":\"https:\\\/\\\/www.stylawallprotection.com\\\/fr\\\/life-blend-le-materiau-sans-pvc-brevete-par-styla\\\/#primaryimage\",\"url\":\"https:\\\/\\\/www.stylawallprotection.com\\\/wp-content\\\/uploads\\\/2024\\\/11\\\/Life-blend-materiale-privo-di-PVC.jpg\",\"contentUrl\":\"https:\\\/\\\/www.stylawallprotection.com\\\/wp-content\\\/uploads\\\/2024\\\/11\\\/Life-blend-materiale-privo-di-PVC.jpg\",\"width\":1080,\"height\":1080},{\"@type\":\"BreadcrumbList\",\"@id\":\"https:\\\/\\\/www.stylawallprotection.com\\\/fr\\\/life-blend-le-materiau-sans-pvc-brevete-par-styla\\\/#breadcrumb\",\"itemListElement\":[{\"@type\":\"ListItem\",\"position\":1,\"name\":\"Home\",\"item\":\"https:\\\/\\\/www.stylawallprotection.com\\\/fr\\\/\"},{\"@type\":\"ListItem\",\"position\":2,\"name\":\"Life-Blend : le mat\u00e9riau sans PVC brevet\u00e9 par Styla\"}]},{\"@type\":\"WebSite\",\"@id\":\"https:\\\/\\\/www.stylawallprotection.com\\\/fr\\\/#website\",\"url\":\"https:\\\/\\\/www.stylawallprotection.com\\\/fr\\\/\",\"name\":\"Styla Wall Protection\",\"description\":\"Wall protection e Accessori Bagno\",\"publisher\":{\"@id\":\"https:\\\/\\\/www.stylawallprotection.com\\\/fr\\\/#organization\"},\"potentialAction\":[{\"@type\":\"SearchAction\",\"target\":{\"@type\":\"EntryPoint\",\"urlTemplate\":\"https:\\\/\\\/www.stylawallprotection.com\\\/fr\\\/?s={search_term_string}\"},\"query-input\":{\"@type\":\"PropertyValueSpecification\",\"valueRequired\":true,\"valueName\":\"search_term_string\"}}],\"inLanguage\":\"fr-FR\"},{\"@type\":\"Organization\",\"@id\":\"https:\\\/\\\/www.stylawallprotection.com\\\/fr\\\/#organization\",\"name\":\"Styla srl\",\"url\":\"https:\\\/\\\/www.stylawallprotection.com\\\/fr\\\/\",\"logo\":{\"@type\":\"ImageObject\",\"inLanguage\":\"fr-FR\",\"@id\":\"https:\\\/\\\/www.stylawallprotection.com\\\/fr\\\/#\\\/schema\\\/logo\\\/image\\\/\",\"url\":\"https:\\\/\\\/www.stylawallprotection.com\\\/wp-content\\\/uploads\\\/2025\\\/01\\\/logo-styla-Y-verde-sticky-head2-e1736414275752.png\",\"contentUrl\":\"https:\\\/\\\/www.stylawallprotection.com\\\/wp-content\\\/uploads\\\/2025\\\/01\\\/logo-styla-Y-verde-sticky-head2-e1736414275752.png\",\"width\":198,\"height\":50,\"caption\":\"Styla srl\"},\"image\":{\"@id\":\"https:\\\/\\\/www.stylawallprotection.com\\\/fr\\\/#\\\/schema\\\/logo\\\/image\\\/\"},\"sameAs\":[\"https:\\\/\\\/www.linkedin.com\\\/company\\\/styla-italia\\\/posts\\\/\"]},{\"@type\":\"Person\",\"@id\":\"https:\\\/\\\/www.stylawallprotection.com\\\/fr\\\/#\\\/schema\\\/person\\\/11f09b786bafb3c26560a1e82f80ec77\",\"name\":\"Underground\",\"image\":{\"@type\":\"ImageObject\",\"inLanguage\":\"fr-FR\",\"@id\":\"https:\\\/\\\/secure.gravatar.com\\\/avatar\\\/3556e26012793fb67a2b7e2f8297e78104e5971db117f4f2b7a880ede11a9d8a?s=96&d=mm&r=g\",\"url\":\"https:\\\/\\\/secure.gravatar.com\\\/avatar\\\/3556e26012793fb67a2b7e2f8297e78104e5971db117f4f2b7a880ede11a9d8a?s=96&d=mm&r=g\",\"contentUrl\":\"https:\\\/\\\/secure.gravatar.com\\\/avatar\\\/3556e26012793fb67a2b7e2f8297e78104e5971db117f4f2b7a880ede11a9d8a?s=96&d=mm&r=g\",\"caption\":\"Underground\"},\"url\":\"https:\\\/\\\/www.stylawallprotection.com\\\/fr\\\/author\\\/underground\\\/\"}]}<\/script>\n<!-- \/ Yoast SEO plugin. -->","yoast_head_json":{"title":"Life-Blend : le mat\u00e9riau sans PVC brevet\u00e9 par Styla - Styla","description":"PVC ou polycarbonate ? Soyons clairs ! Lorsqu'il s'agit de choisir une protection murale, il y a des consid\u00e9rations importantes \u00e0 prendre en compte entre le PVC et le polycarbonate, notamment en termes de s\u00e9curit\u00e9 et de durabilit\u00e9. Chez Styla, nous choisissons Life-Blend\u00ae, notre m\u00e9lange innovant de polycarbonate.","robots":{"index":"index","follow":"follow","max-snippet":"max-snippet:-1","max-image-preview":"max-image-preview:large","max-video-preview":"max-video-preview:-1"},"canonical":"https:\/\/www.stylawallprotection.com\/fr\/life-blend-le-materiau-sans-pvc-brevete-par-styla\/","og_locale":"fr_FR","og_type":"article","og_title":"Life-Blend : le mat\u00e9riau sans PVC brevet\u00e9 par Styla - Styla","og_description":"PVC ou polycarbonate ? Soyons clairs ! Lorsqu'il s'agit de choisir une protection murale, il y a des consid\u00e9rations importantes \u00e0 prendre en compte entre le PVC et le polycarbonate, notamment en termes de s\u00e9curit\u00e9 et de durabilit\u00e9. Chez Styla, nous choisissons Life-Blend\u00ae, notre m\u00e9lange innovant de polycarbonate.","og_url":"https:\/\/www.stylawallprotection.com\/fr\/life-blend-le-materiau-sans-pvc-brevete-par-styla\/","og_site_name":"Styla","article_published_time":"2024-11-14T12:05:27+00:00","article_modified_time":"2025-04-23T07:45:55+00:00","og_image":[{"width":1080,"height":1080,"url":"https:\/\/www.stylawallprotection.com\/wp-content\/uploads\/2024\/11\/Life-blend-materiale-privo-di-PVC.jpg","type":"image\/jpeg"}],"author":"Underground","twitter_card":"summary_large_image","twitter_misc":{"\u00c9crit par":"Underground","Dur\u00e9e de lecture estim\u00e9e":"1 minute"},"schema":{"@context":"https:\/\/schema.org","@graph":[{"@type":"Article","@id":"https:\/\/www.stylawallprotection.com\/fr\/life-blend-le-materiau-sans-pvc-brevete-par-styla\/#article","isPartOf":{"@id":"https:\/\/www.stylawallprotection.com\/fr\/life-blend-le-materiau-sans-pvc-brevete-par-styla\/"},"author":{"name":"Underground","@id":"https:\/\/www.stylawallprotection.com\/fr\/#\/schema\/person\/11f09b786bafb3c26560a1e82f80ec77"},"headline":"Life-Blend : le mat\u00e9riau sans PVC brevet\u00e9 par Styla","datePublished":"2024-11-14T12:05:27+00:00","dateModified":"2025-04-23T07:45:55+00:00","mainEntityOfPage":{"@id":"https:\/\/www.stylawallprotection.com\/fr\/life-blend-le-materiau-sans-pvc-brevete-par-styla\/"},"wordCount":191,"publisher":{"@id":"https:\/\/www.stylawallprotection.com\/fr\/#organization"},"image":{"@id":"https:\/\/www.stylawallprotection.com\/fr\/life-blend-le-materiau-sans-pvc-brevete-par-styla\/#primaryimage"},"thumbnailUrl":"https:\/\/www.stylawallprotection.com\/wp-content\/uploads\/2024\/11\/Life-blend-materiale-privo-di-PVC.jpg","keywords":["Life Blend","mat\u00e9riau de stylet brevet\u00e9","Mat\u00e9riau sans PVC"],"articleSection":["Protection des murs"],"inLanguage":"fr-FR"},{"@type":"WebPage","@id":"https:\/\/www.stylawallprotection.com\/fr\/life-blend-le-materiau-sans-pvc-brevete-par-styla\/","url":"https:\/\/www.stylawallprotection.com\/fr\/life-blend-le-materiau-sans-pvc-brevete-par-styla\/","name":"Life-Blend : le mat\u00e9riau sans PVC brevet\u00e9 par Styla - Styla","isPartOf":{"@id":"https:\/\/www.stylawallprotection.com\/fr\/#website"},"primaryImageOfPage":{"@id":"https:\/\/www.stylawallprotection.com\/fr\/life-blend-le-materiau-sans-pvc-brevete-par-styla\/#primaryimage"},"image":{"@id":"https:\/\/www.stylawallprotection.com\/fr\/life-blend-le-materiau-sans-pvc-brevete-par-styla\/#primaryimage"},"thumbnailUrl":"https:\/\/www.stylawallprotection.com\/wp-content\/uploads\/2024\/11\/Life-blend-materiale-privo-di-PVC.jpg","datePublished":"2024-11-14T12:05:27+00:00","dateModified":"2025-04-23T07:45:55+00:00","description":"PVC ou polycarbonate ? Soyons clairs ! Lorsqu'il s'agit de choisir une protection murale, il y a des consid\u00e9rations importantes \u00e0 prendre en compte entre le PVC et le polycarbonate, notamment en termes de s\u00e9curit\u00e9 et de durabilit\u00e9. Chez Styla, nous choisissons Life-Blend\u00ae, notre m\u00e9lange innovant de polycarbonate.","breadcrumb":{"@id":"https:\/\/www.stylawallprotection.com\/fr\/life-blend-le-materiau-sans-pvc-brevete-par-styla\/#breadcrumb"},"inLanguage":"fr-FR","potentialAction":[{"@type":"ReadAction","target":["https:\/\/www.stylawallprotection.com\/fr\/life-blend-le-materiau-sans-pvc-brevete-par-styla\/"]}]},{"@type":"ImageObject","inLanguage":"fr-FR","@id":"https:\/\/www.stylawallprotection.com\/fr\/life-blend-le-materiau-sans-pvc-brevete-par-styla\/#primaryimage","url":"https:\/\/www.stylawallprotection.com\/wp-content\/uploads\/2024\/11\/Life-blend-materiale-privo-di-PVC.jpg","contentUrl":"https:\/\/www.stylawallprotection.com\/wp-content\/uploads\/2024\/11\/Life-blend-materiale-privo-di-PVC.jpg","width":1080,"height":1080},{"@type":"BreadcrumbList","@id":"https:\/\/www.stylawallprotection.com\/fr\/life-blend-le-materiau-sans-pvc-brevete-par-styla\/#breadcrumb","itemListElement":[{"@type":"ListItem","position":1,"name":"Home","item":"https:\/\/www.stylawallprotection.com\/fr\/"},{"@type":"ListItem","position":2,"name":"Life-Blend : le mat\u00e9riau sans PVC brevet\u00e9 par Styla"}]},{"@type":"WebSite","@id":"https:\/\/www.stylawallprotection.com\/fr\/#website","url":"https:\/\/www.stylawallprotection.com\/fr\/","name":"Styla Wall Protection","description":"Wall protection e Accessori Bagno","publisher":{"@id":"https:\/\/www.stylawallprotection.com\/fr\/#organization"},"potentialAction":[{"@type":"SearchAction","target":{"@type":"EntryPoint","urlTemplate":"https:\/\/www.stylawallprotection.com\/fr\/?s={search_term_string}"},"query-input":{"@type":"PropertyValueSpecification","valueRequired":true,"valueName":"search_term_string"}}],"inLanguage":"fr-FR"},{"@type":"Organization","@id":"https:\/\/www.stylawallprotection.com\/fr\/#organization","name":"Styla srl","url":"https:\/\/www.stylawallprotection.com\/fr\/","logo":{"@type":"ImageObject","inLanguage":"fr-FR","@id":"https:\/\/www.stylawallprotection.com\/fr\/#\/schema\/logo\/image\/","url":"https:\/\/www.stylawallprotection.com\/wp-content\/uploads\/2025\/01\/logo-styla-Y-verde-sticky-head2-e1736414275752.png","contentUrl":"https:\/\/www.stylawallprotection.com\/wp-content\/uploads\/2025\/01\/logo-styla-Y-verde-sticky-head2-e1736414275752.png","width":198,"height":50,"caption":"Styla srl"},"image":{"@id":"https:\/\/www.stylawallprotection.com\/fr\/#\/schema\/logo\/image\/"},"sameAs":["https:\/\/www.linkedin.com\/company\/styla-italia\/posts\/"]},{"@type":"Person","@id":"https:\/\/www.stylawallprotection.com\/fr\/#\/schema\/person\/11f09b786bafb3c26560a1e82f80ec77","name":"Underground","image":{"@type":"ImageObject","inLanguage":"fr-FR","@id":"https:\/\/secure.gravatar.com\/avatar\/3556e26012793fb67a2b7e2f8297e78104e5971db117f4f2b7a880ede11a9d8a?s=96&d=mm&r=g","url":"https:\/\/secure.gravatar.com\/avatar\/3556e26012793fb67a2b7e2f8297e78104e5971db117f4f2b7a880ede11a9d8a?s=96&d=mm&r=g","contentUrl":"https:\/\/secure.gravatar.com\/avatar\/3556e26012793fb67a2b7e2f8297e78104e5971db117f4f2b7a880ede11a9d8a?s=96&d=mm&r=g","caption":"Underground"},"url":"https:\/\/www.stylawallprotection.com\/fr\/author\/underground\/"}]}},"jetpack_featured_media_url":"https:\/\/www.stylawallprotection.com\/wp-content\/uploads\/2024\/11\/Life-blend-materiale-privo-di-PVC.jpg","jetpack_sharing_enabled":true,"_links":{"self":[{"href":"https:\/\/www.stylawallprotection.com\/fr\/wp-json\/wp\/v2\/posts\/13821","targetHints":{"allow":["GET"]}}],"collection":[{"href":"https:\/\/www.stylawallprotection.com\/fr\/wp-json\/wp\/v2\/posts"}],"about":[{"href":"https:\/\/www.stylawallprotection.com\/fr\/wp-json\/wp\/v2\/types\/post"}],"author":[{"embeddable":true,"href":"https:\/\/www.stylawallprotection.com\/fr\/wp-json\/wp\/v2\/users\/2"}],"replies":[{"embeddable":true,"href":"https:\/\/www.stylawallprotection.com\/fr\/wp-json\/wp\/v2\/comments?post=13821"}],"version-history":[{"count":3,"href":"https:\/\/www.stylawallprotection.com\/fr\/wp-json\/wp\/v2\/posts\/13821\/revisions"}],"predecessor-version":[{"id":13824,"href":"https:\/\/www.stylawallprotection.com\/fr\/wp-json\/wp\/v2\/posts\/13821\/revisions\/13824"}],"wp:featuredmedia":[{"embeddable":true,"href":"https:\/\/www.stylawallprotection.com\/fr\/wp-json\/wp\/v2\/media\/12091"}],"wp:attachment":[{"href":"https:\/\/www.stylawallprotection.com\/fr\/wp-json\/wp\/v2\/media?parent=13821"}],"wp:term":[{"taxonomy":"category","embeddable":true,"href":"https:\/\/www.stylawallprotection.com\/fr\/wp-json\/wp\/v2\/categories?post=13821"},{"taxonomy":"post_tag","embeddable":true,"href":"https:\/\/www.stylawallprotection.com\/fr\/wp-json\/wp\/v2\/tags?post=13821"}],"curies":[{"name":"wp","href":"https:\/\/api.w.org\/{rel}","templated":true}]}}